{
    "id": 4255,
    "date": "2023-07-21T23:10:05",
    "date_gmt": "2023-07-21T23:10:05",
    "guid": {
        "rendered": "https:\/\/homebyvm.com\/produktas\/pufa-pilka-nozna-s\/"
    },
    "modified": "2024-12-23T13:30:27",
    "modified_gmt": "2024-12-23T13:30:27",
    "slug": "pufa-pilka-nozna-s",
    "status": "publish",
    "type": "product",
    "link": "https:\/\/homebyvm.com\/pl\/produktas\/pufa-pilka-nozna-s\/",
    "title": {
        "rendered": "Pufa Pi\u0142ka No\u017cna S"
    },
    "content": {
        "rendered": "<p>Pufa Pi\u0142ka No\u017cna S<br \/>\nPufa Pi\u0142ka No\u017cna S to fantastyczny pomys\u0142 na prezent dla dziecka. Mebel w kszta\u0142cie pi\u0142ki idealnie wpasuje si\u0119 w wystr\u00f3j pokoju dzieci\u0119cego. Idealne dopasowanie produktu do wn\u0119trza umo\u017cliwia szeroka gama kolorystyczna. Pufa rozmiaru S jest skierowana do dzieci do 120 cm wzrostu. Dla zapewnienia wysokiego komfortu siedzenia producent zastosowa\u0142 wype\u0142nienie ze styropianowego granulatu. Dzi\u0119ki niemu mebel dopasowuje si\u0119 do kszta\u0142tu cia\u0142a i umo\u017cliwia zaj\u0119cie wygodnej pozycji. Dla jeszcze wi\u0119kszej wygody zastosowano pokrycie wykonane z wysokiej jako\u015bci ekosk\u00f3ry. Jest ona przyjemna w dotyku, odporna na przetarcia oraz \u0142atwa w czyszczeniu. Przetarcie wilgotn\u0105 szmatk\u0105 pozwala na usuni\u0119cie wszelkich zabrudze\u0144 powsta\u0142ych podczas u\u017cytkowania. Pufa Pi\u0142ka No\u017cna S doskonale wpasuje si\u0119 w wystr\u00f3j pokoi dzieci\u0119cych i b\u0119dzie bardzo ch\u0119tnie u\u017cywana przez najm\u0142odszych.<br \/>\nW\u0142a\u015bciwo\u015bci materia\u0142u<\/p>",
        "protected": false
    },
    "excerpt": {
        "rendered": "<p>Pufa Pi\u0142ka No\u017cna S Pufa Pi\u0142ka No\u017cna S to fantastyczny pomys\u0142 na prezent dla dziecka. Mebel w kszta\u0142cie pi\u0142ki idealnie wpasuje si\u0119 w wystr\u00f3j pokoju dzieci\u0119cego. Idealne dopasowanie produktu do wn\u0119trza umo\u017cliwia szeroka gama kolorystyczna. Pufa rozmiaru S jest skierowana do dzieci do 120 cm wzrostu. Dla zapewnienia wysokiego komfortu siedzenia producent zastosowa\u0142 wype\u0142nienie ze [&hellip;]<\/p>",
        "protected": false
    },
    "featured_media": 918,
    "comment_status": "closed",
    "ping_status": "open",
    "template": "",
    "meta": {
        "_kad_blocks_custom_css": "",
        "_kad_blocks_head_custom_js": "",
        "_kad_blocks_body_custom_js": "",
        "_kad_blocks_footer_custom_js": ""
    },
    "product_brand": [],
    "product_cat": [
        28,
        29
    ],
    "product_tag": [],
    "class_list": {
        "0": "post-4255",
        "1": "product",
        "2": "type-product",
        "3": "status-publish",
        "4": "has-post-thumbnail",
        "6": "product_cat-pufy",
        "7": "product_cat-pufy-pilki",
        "8": "wcpa_has_options",
        "10": "first",
        "11": "instock",
        "12": "purchasable",
        "13": "product-type-simple"
    },
    "taxonomy_info": {
        "product_cat": [
            {
                "value": 28,
                "label": "Pufy"
            },
            {
                "value": 29,
                "label": "Pufy Pi\u0142ki"
            }
        ]
    },
    "featured_image_src_large": [
        "https:\/\/homebyvm.com\/wp-content\/uploads\/2023\/05\/export-32-1024x1024.jpg",
        1024,
        1024,
        true
    ],
    "author_info": [],
    "comment_info": 0,
    "_links": {
        "self": [
            {
                "href": "https:\/\/homebyvm.com\/pl\/wp-json\/wp\/v2\/product\/4255",
                "targetHints": {
                    "allow": [
                        "GET"
                    ]
                }
            }
        ],
        "collection": [
            {
                "href": "https:\/\/homebyvm.com\/pl\/wp-json\/wp\/v2\/product"
            }
        ],
        "about": [
            {
                "href": "https:\/\/homebyvm.com\/pl\/wp-json\/wp\/v2\/types\/product"
            }
        ],
        "replies": [
            {
                "embeddable": true,
                "href": "https:\/\/homebyvm.com\/pl\/wp-json\/wp\/v2\/comments?post=4255"
            }
        ],
        "wp:featuredmedia": [
            {
                "embeddable": true,
                "href": "https:\/\/homebyvm.com\/pl\/wp-json\/wp\/v2\/media\/918"
            }
        ],
        "wp:attachment": [
            {
                "href": "https:\/\/homebyvm.com\/pl\/wp-json\/wp\/v2\/media?parent=4255"
            }
        ],
        "wp:term": [
            {
                "taxonomy": "product_brand",
                "embeddable": true,
                "href": "https:\/\/homebyvm.com\/pl\/wp-json\/wp\/v2\/product_brand?post=4255"
            },
            {
                "taxonomy": "product_cat",
                "embeddable": true,
                "href": "https:\/\/homebyvm.com\/pl\/wp-json\/wp\/v2\/product_cat?post=4255"
            },
            {
                "taxonomy": "product_tag",
                "embeddable": true,
                "href": "https:\/\/homebyvm.com\/pl\/wp-json\/wp\/v2\/product_tag?post=4255"
            }
        ],
        "curies": [
            {
                "name": "wp",
                "href": "https:\/\/api.w.org\/{rel}",
                "templated": true
            }
        ]
    }
}