{
    "id": 4260,
    "date": "2023-07-21T23:10:05",
    "date_gmt": "2023-07-21T23:10:05",
    "guid": {
        "rendered": "https:\/\/homebyvm.com\/produktas\/fotel-lider\/"
    },
    "modified": "2024-12-23T13:30:28",
    "modified_gmt": "2024-12-23T13:30:28",
    "slug": "fotel-lider",
    "status": "publish",
    "type": "product",
    "link": "https:\/\/homebyvm.com\/pl\/produktas\/fotel-lider\/",
    "title": {
        "rendered": "Fotel Lider"
    },
    "content": {
        "rendered": "<p>Fotel Lider<br \/>\nWygodne meble do domu, ogrodu czy na balkon to bardzo wa\u017cny element wyposa\u017cenia, kt\u00f3ry decyduje o ich komforcie i przytulno\u015bci. Dzi\u0119ki nim mo\u017cesz z powodzeniem sp\u0119dza\u0107 czas na \u015bwie\u017cym powietrzu nawet w ch\u0142odne, jesienne dni, a tak\u017ce odpocz\u0105\u0107 w zaciszu domowym na wygodnym fotelu, kt\u00f3ry idealnie dopasowuje si\u0119 do cia\u0142a. Taki w\u0142a\u015bnie jest Fotel Lider \u2013 solidny, wytrzyma\u0142y, zaprojektowany i dopracowany nawet w najmniejszych szczeg\u00f3\u0142ach.<br \/>\nZ pomoc\u0105 fotela Lider relaks po ci\u0119\u017ckim dniu w pracy czy szkole wskoczy na inny, wy\u017cszy poziom. Zaufaj nam, a ju\u017c nied\u0142ugo nie b\u0119dziesz w stanie wyobrazi\u0107 sobie chwili odpoczynku bez mi\u0119kkiego fotela.<br \/>\nZapoznaj si\u0119 z nasz\u0105 ofert\u0105, kt\u00f3ra wykracza du\u017co dalej poza jeden rodzaj fotela. Oferujemy r\u00f3wnie\u017c r\u00f3\u017cnorakie pufy i fotele w kszta\u0142cie szezlonga. Dzi\u0119ki takiemu wyborowi z \u0142atwo\u015bci\u0105 dopasujesz produkt, kt\u00f3ry odpowiada Twoim preferencjom. Nie b\u00f3j si\u0119 eksperymentowa\u0107 i bawi\u0107 si\u0119 kolorami. Dope\u0142nij aran\u017cacj\u0119 pokoju dzieci\u0119cego, przedszkola czy salonu mi\u0119kkim fotelem i stw\u00f3rz z jego pomoc\u0105 niesztampowe, nowoczesne wn\u0119trze.<br \/>\nW\u0142a\u015bciwo\u015bci materia\u0142u<\/p>",
        "protected": false
    },
    "excerpt": {
        "rendered": "<p>Fotel Lider Wygodne meble do domu, ogrodu czy na balkon to bardzo wa\u017cny element wyposa\u017cenia, kt\u00f3ry decyduje o ich komforcie i przytulno\u015bci. Dzi\u0119ki nim mo\u017cesz z powodzeniem sp\u0119dza\u0107 czas na \u015bwie\u017cym powietrzu nawet w ch\u0142odne, jesienne dni, a tak\u017ce odpocz\u0105\u0107 w zaciszu domowym na wygodnym fotelu, kt\u00f3ry idealnie dopasowuje si\u0119 do cia\u0142a. Taki w\u0142a\u015bnie jest [&hellip;]<\/p>",
        "protected": false
    },
    "featured_media": 933,
    "comment_status": "closed",
    "ping_status": "open",
    "template": "",
    "meta": {
        "_kad_blocks_custom_css": "",
        "_kad_blocks_head_custom_js": "",
        "_kad_blocks_body_custom_js": "",
        "_kad_blocks_footer_custom_js": ""
    },
    "product_brand": [],
    "product_cat": [
        30
    ],
    "product_tag": [],
    "class_list": {
        "0": "post-4260",
        "1": "product",
        "2": "type-product",
        "3": "status-publish",
        "4": "has-post-thumbnail",
        "6": "product_cat-fotele",
        "7": "wcpa_has_options",
        "9": "first",
        "10": "instock",
        "11": "purchasable",
        "12": "product-type-simple"
    },
    "taxonomy_info": {
        "product_cat": [
            {
                "value": 30,
                "label": "Fotele"
            }
        ]
    },
    "featured_image_src_large": [
        "https:\/\/homebyvm.com\/wp-content\/uploads\/2023\/05\/export-47-1024x1024.jpg",
        1024,
        1024,
        true
    ],
    "author_info": [],
    "comment_info": 0,
    "_links": {
        "self": [
            {
                "href": "https:\/\/homebyvm.com\/pl\/wp-json\/wp\/v2\/product\/4260",
                "targetHints": {
                    "allow": [
                        "GET"
                    ]
                }
            }
        ],
        "collection": [
            {
                "href": "https:\/\/homebyvm.com\/pl\/wp-json\/wp\/v2\/product"
            }
        ],
        "about": [
            {
                "href": "https:\/\/homebyvm.com\/pl\/wp-json\/wp\/v2\/types\/product"
            }
        ],
        "replies": [
            {
                "embeddable": true,
                "href": "https:\/\/homebyvm.com\/pl\/wp-json\/wp\/v2\/comments?post=4260"
            }
        ],
        "wp:featuredmedia": [
            {
                "embeddable": true,
                "href": "https:\/\/homebyvm.com\/pl\/wp-json\/wp\/v2\/media\/933"
            }
        ],
        "wp:attachment": [
            {
                "href": "https:\/\/homebyvm.com\/pl\/wp-json\/wp\/v2\/media?parent=4260"
            }
        ],
        "wp:term": [
            {
                "taxonomy": "product_brand",
                "embeddable": true,
                "href": "https:\/\/homebyvm.com\/pl\/wp-json\/wp\/v2\/product_brand?post=4260"
            },
            {
                "taxonomy": "product_cat",
                "embeddable": true,
                "href": "https:\/\/homebyvm.com\/pl\/wp-json\/wp\/v2\/product_cat?post=4260"
            },
            {
                "taxonomy": "product_tag",
                "embeddable": true,
                "href": "https:\/\/homebyvm.com\/pl\/wp-json\/wp\/v2\/product_tag?post=4260"
            }
        ],
        "curies": [
            {
                "name": "wp",
                "href": "https:\/\/api.w.org\/{rel}",
                "templated": true
            }
        ]
    }
}