{
    "id": 4267,
    "date": "2023-07-21T23:10:14",
    "date_gmt": "2023-07-21T23:10:14",
    "guid": {
        "rendered": "https:\/\/homebyvm.com\/produktas\/fotel-relax-ekoskora\/"
    },
    "modified": "2024-12-23T13:30:29",
    "modified_gmt": "2024-12-23T13:30:29",
    "slug": "fotel-relax-ekoskora",
    "status": "publish",
    "type": "product",
    "link": "https:\/\/homebyvm.com\/pl\/produktas\/fotel-relax-ekoskora\/",
    "title": {
        "rendered": "Fotel Relax Ekosk\u00f3ra"
    },
    "content": {
        "rendered": "<p>Fotel Relax Ekosk\u00f3ra<br \/>\nOkr\u0105g\u0142y fotel Relax Ekosk\u00f3ra mo\u017ce sta\u0107 si\u0119 doskona\u0142ym i oryginalnym miejscem wypoczynku w Twoim salonie lub w pokoju dzieci\u0119cym czy m\u0142odzie\u017cowym. Roz\u0142o\u017cysta pufa o wymiarach 110 x 70 centymetr\u00f3w ma du\u017c\u0105 i nisk\u0105 podstaw\u0119, na kt\u00f3rej mo\u017cna wygodnie usi\u0105\u015b\u0107 i oprze\u0107 si\u0119 o niewielkie, ale stabilne oparcie, a tak\u017ce przyj\u0105\u0107 komfortow\u0105 pozycj\u0119 p\u00f3\u0142le\u017c\u0105c\u0105. Przyjemny w dotyku materia\u0142 i wysoka jako\u015b\u0107 wykonania sprawiaj\u0105, \u017ce trudno oprze\u0107 si\u0119 pokusie b\u0142ogiego leniuchowania na przytulnej pufie, a zastosowane materia\u0142y wysokiej jako\u015bci sprawiaj\u0105, \u017ce pufa mo\u017ce z powodzeniem by\u0107 u\u017cytkowana przez dzieci oraz alergik\u00f3w.<br \/>\nFotel Relax Ekosk\u00f3ra jest wype\u0142niona granulatem, kt\u00f3ry uk\u0142ada si\u0119 pod wp\u0142ywem pozycji do cia\u0142a u\u017cytkownika i podpiera ka\u017cdy jego centymetr. Dzi\u0119ki temu pufa ma zbawienny wp\u0142yw na kr\u0119gos\u0142up i idealnie nadaj\u0105 si\u0119 do odpr\u0119\u017cenia dla os\u00f3b pracuj\u0105cych na stoj\u0105co, czy siedz\u0105cych w jednej pozycji przez wiele godzin. Komfortowy model dost\u0119pny jest w wysokiej jako\u015bci i \u0142atwym w utrzymaniu w czysto\u015bci materiale ze sk\u00f3ry w pi\u0119knych, kolorowych odcieniach. Ponadto zamawiaj\u0105c produkt polskiego producenta wyko\u0144czony ekosk\u00f3r\u0105, otrzymasz gratis podn\u00f3\u017cek, kt\u00f3ry jeszcze bardziej uprzyjemni Ci relaks.<br \/>\nUwaga: Kolor podn\u00f3\u017cka jest dobierany losowo.<\/p>\n<p>\u00a0 \u00a0 \u00a0\u00a0<br \/>\nW\u0142a\u015bciwo\u015bci materia\u0142u<\/p>",
        "protected": false
    },
    "excerpt": {
        "rendered": "<p>Fotel Relax Ekosk\u00f3ra Okr\u0105g\u0142y fotel Relax Ekosk\u00f3ra mo\u017ce sta\u0107 si\u0119 doskona\u0142ym i oryginalnym miejscem wypoczynku w Twoim salonie lub w pokoju dzieci\u0119cym czy m\u0142odzie\u017cowym. Roz\u0142o\u017cysta pufa o wymiarach 110 x 70 centymetr\u00f3w ma du\u017c\u0105 i nisk\u0105 podstaw\u0119, na kt\u00f3rej mo\u017cna wygodnie usi\u0105\u015b\u0107 i oprze\u0107 si\u0119 o niewielkie, ale stabilne oparcie, a tak\u017ce przyj\u0105\u0107 komfortow\u0105 pozycj\u0119 [&hellip;]<\/p>",
        "protected": false
    },
    "featured_media": 954,
    "comment_status": "closed",
    "ping_status": "open",
    "template": "",
    "meta": {
        "_kad_blocks_custom_css": "",
        "_kad_blocks_head_custom_js": "",
        "_kad_blocks_body_custom_js": "",
        "_kad_blocks_footer_custom_js": ""
    },
    "product_brand": [],
    "product_cat": [
        30
    ],
    "product_tag": [],
    "class_list": {
        "0": "post-4267",
        "1": "product",
        "2": "type-product",
        "3": "status-publish",
        "4": "has-post-thumbnail",
        "6": "product_cat-fotele",
        "7": "wcpa_has_options",
        "9": "first",
        "10": "instock",
        "11": "purchasable",
        "12": "product-type-simple"
    },
    "taxonomy_info": {
        "product_cat": [
            {
                "value": 30,
                "label": "Fotele"
            }
        ]
    },
    "featured_image_src_large": [
        "https:\/\/homebyvm.com\/wp-content\/uploads\/2023\/05\/export-68-1024x1024.jpg",
        1024,
        1024,
        true
    ],
    "author_info": [],
    "comment_info": 0,
    "_links": {
        "self": [
            {
                "href": "https:\/\/homebyvm.com\/pl\/wp-json\/wp\/v2\/product\/4267",
                "targetHints": {
                    "allow": [
                        "GET"
                    ]
                }
            }
        ],
        "collection": [
            {
                "href": "https:\/\/homebyvm.com\/pl\/wp-json\/wp\/v2\/product"
            }
        ],
        "about": [
            {
                "href": "https:\/\/homebyvm.com\/pl\/wp-json\/wp\/v2\/types\/product"
            }
        ],
        "replies": [
            {
                "embeddable": true,
                "href": "https:\/\/homebyvm.com\/pl\/wp-json\/wp\/v2\/comments?post=4267"
            }
        ],
        "wp:featuredmedia": [
            {
                "embeddable": true,
                "href": "https:\/\/homebyvm.com\/pl\/wp-json\/wp\/v2\/media\/954"
            }
        ],
        "wp:attachment": [
            {
                "href": "https:\/\/homebyvm.com\/pl\/wp-json\/wp\/v2\/media?parent=4267"
            }
        ],
        "wp:term": [
            {
                "taxonomy": "product_brand",
                "embeddable": true,
                "href": "https:\/\/homebyvm.com\/pl\/wp-json\/wp\/v2\/product_brand?post=4267"
            },
            {
                "taxonomy": "product_cat",
                "embeddable": true,
                "href": "https:\/\/homebyvm.com\/pl\/wp-json\/wp\/v2\/product_cat?post=4267"
            },
            {
                "taxonomy": "product_tag",
                "embeddable": true,
                "href": "https:\/\/homebyvm.com\/pl\/wp-json\/wp\/v2\/product_tag?post=4267"
            }
        ],
        "curies": [
            {
                "name": "wp",
                "href": "https:\/\/api.w.org\/{rel}",
                "templated": true
            }
        ]
    }
}