{
    "id": 4271,
    "date": "2023-07-21T23:10:14",
    "date_gmt": "2023-07-21T23:10:14",
    "guid": {
        "rendered": "https:\/\/homebyvm.com\/produktas\/fotel-keiko-m-ekoskora\/"
    },
    "modified": "2024-12-23T13:30:29",
    "modified_gmt": "2024-12-23T13:30:29",
    "slug": "fotel-keiko-m-ekoskora",
    "status": "publish",
    "type": "product",
    "link": "https:\/\/homebyvm.com\/pl\/produktas\/fotel-keiko-m-ekoskora\/",
    "title": {
        "rendered": "Fotel Keiko M Ekosk\u00f3ra"
    },
    "content": {
        "rendered": "<p>Fotel Keiko M1<br \/>\nNowoczesny fotel Keiko M1 to numer 1 w Irlandii i Skandynawii. U\u017cytkownicy kochaj\u0105 ten funkcjonalny mebel za prost\u0105, eleganck\u0105 form\u0119 oraz wygod\u0119, kt\u00f3r\u0105 zapewnia dobrze wyprofilowane, szerokie siedzisko wraz z wysokim, stabilnym oparciem. Wypoczynkowa pufa pi\u0119knie ozdobi Tw\u00f3j salon i sypialni\u0119, nadaj\u0105c im przytulny charakter. B\u0119dzie te\u017c idealnym miejscem odpoczynku i zabaw dla Twojego dziecka, dlatego prezentowany model dost\u0119pny jest dla doros\u0142ych w wersji Medium oraz dla dzieci w wersji Small.<br \/>\nFotel Keiko M1 wykonany z najwy\u017cszej jako\u015bci, \u0142atwej w czyszczeniu ekosk\u00f3ry dost\u0119pny w szerokiej gamie pi\u0119knych i intensywnych kolor\u00f3w. Mo\u017cesz go r\u00f3wnie\u017c naby\u0107 w wersji wyko\u0144czonej wielobarwnymi \u0142atkami. Wysoki komfort u\u017cytkowania pufy polskiego producenta zapewnia wype\u0142nienie z lekkiego granulatu, kt\u00f3ry pod wp\u0142ywem nacisku perfekcyjnie dostosowuje si\u0119 do cia\u0142a u\u017cytkownika idealnie je popieraj\u0105c, co pozwala na ca\u0142kowite odpr\u0119\u017cenie. Fotel Keiko M1 zosta\u0142 wyposa\u017cony w przydatny uchwyt, kt\u00f3ry pozwala na przeniesienie pufy bez zb\u0119dnego wysi\u0142ku.<br \/>\nW\u0142a\u015bciwo\u015bci materia\u0142u<\/p>",
        "protected": false
    },
    "excerpt": {
        "rendered": "<p>Fotel Keiko M1 Nowoczesny fotel Keiko M1 to numer 1 w Irlandii i Skandynawii. U\u017cytkownicy kochaj\u0105 ten funkcjonalny mebel za prost\u0105, eleganck\u0105 form\u0119 oraz wygod\u0119, kt\u00f3r\u0105 zapewnia dobrze wyprofilowane, szerokie siedzisko wraz z wysokim, stabilnym oparciem. Wypoczynkowa pufa pi\u0119knie ozdobi Tw\u00f3j salon i sypialni\u0119, nadaj\u0105c im przytulny charakter. B\u0119dzie te\u017c idealnym miejscem odpoczynku i zabaw [&hellip;]<\/p>",
        "protected": false
    },
    "featured_media": 966,
    "comment_status": "closed",
    "ping_status": "open",
    "template": "",
    "meta": {
        "_kad_blocks_custom_css": "",
        "_kad_blocks_head_custom_js": "",
        "_kad_blocks_body_custom_js": "",
        "_kad_blocks_footer_custom_js": ""
    },
    "product_brand": [],
    "product_cat": [
        30
    ],
    "product_tag": [],
    "class_list": {
        "0": "post-4271",
        "1": "product",
        "2": "type-product",
        "3": "status-publish",
        "4": "has-post-thumbnail",
        "6": "product_cat-fotele",
        "7": "wcpa_has_options",
        "9": "first",
        "10": "instock",
        "11": "purchasable",
        "12": "product-type-simple"
    },
    "taxonomy_info": {
        "product_cat": [
            {
                "value": 30,
                "label": "Fotele"
            }
        ]
    },
    "featured_image_src_large": [
        "https:\/\/homebyvm.com\/wp-content\/uploads\/2023\/05\/export-80-1024x1024.jpg",
        1024,
        1024,
        true
    ],
    "author_info": [],
    "comment_info": 0,
    "_links": {
        "self": [
            {
                "href": "https:\/\/homebyvm.com\/pl\/wp-json\/wp\/v2\/product\/4271",
                "targetHints": {
                    "allow": [
                        "GET"
                    ]
                }
            }
        ],
        "collection": [
            {
                "href": "https:\/\/homebyvm.com\/pl\/wp-json\/wp\/v2\/product"
            }
        ],
        "about": [
            {
                "href": "https:\/\/homebyvm.com\/pl\/wp-json\/wp\/v2\/types\/product"
            }
        ],
        "replies": [
            {
                "embeddable": true,
                "href": "https:\/\/homebyvm.com\/pl\/wp-json\/wp\/v2\/comments?post=4271"
            }
        ],
        "wp:featuredmedia": [
            {
                "embeddable": true,
                "href": "https:\/\/homebyvm.com\/pl\/wp-json\/wp\/v2\/media\/966"
            }
        ],
        "wp:attachment": [
            {
                "href": "https:\/\/homebyvm.com\/pl\/wp-json\/wp\/v2\/media?parent=4271"
            }
        ],
        "wp:term": [
            {
                "taxonomy": "product_brand",
                "embeddable": true,
                "href": "https:\/\/homebyvm.com\/pl\/wp-json\/wp\/v2\/product_brand?post=4271"
            },
            {
                "taxonomy": "product_cat",
                "embeddable": true,
                "href": "https:\/\/homebyvm.com\/pl\/wp-json\/wp\/v2\/product_cat?post=4271"
            },
            {
                "taxonomy": "product_tag",
                "embeddable": true,
                "href": "https:\/\/homebyvm.com\/pl\/wp-json\/wp\/v2\/product_tag?post=4271"
            }
        ],
        "curies": [
            {
                "name": "wp",
                "href": "https:\/\/api.w.org\/{rel}",
                "templated": true
            }
        ]
    }
}