{
    "id": 4283,
    "date": "2023-07-21T23:10:14",
    "date_gmt": "2023-07-21T23:10:14",
    "guid": {
        "rendered": "https:\/\/homebyvm.com\/produktas\/fotel-keiko-s-filc\/"
    },
    "modified": "2024-12-23T13:30:29",
    "modified_gmt": "2024-12-23T13:30:29",
    "slug": "fotel-keiko-s-filc",
    "status": "publish",
    "type": "product",
    "link": "https:\/\/homebyvm.com\/pl\/produktas\/fotel-keiko-s-filc\/",
    "title": {
        "rendered": "Fotel Keiko S Filc"
    },
    "content": {
        "rendered": "<p>FOTEL KEIKO S FILC<br \/>\nMarzysz o chwili relaksu po pracowitym dniu? Fotel Keiko S Filc pomo\u017ce Ci zmieni\u0107 Twoje pragnienia w rzeczywisto\u015b\u0107! Wyprofilowane oparcie, p\u0142ynnie przechodz\u0105ce w mi\u0119kkie siedzisko, umo\u017cliwi Ci przyj\u0105\u0107 komfortow\u0105 pozycj\u0119 podczas wieczornego czytania Twojej ulubionej ksi\u0105\u017cki. U\u017cytkuj\u0105c ten niebanalny mebel, z pewno\u015bci\u0105 docenisz jego wype\u0142nienie &#8211; spr\u0119\u017cysty granulat sprzyja osi\u0105gni\u0119ciu stanu odpr\u0119\u017cenia. Ten niezwykle funkcjonalny element wyposa\u017cenia wn\u0119trza mo\u017ce zast\u0105pi\u0107 tradycyjne krzes\u0142a w Twoim domu. Optymalny rozmiar mebla odpowiada wysoko\u015bci klasycznych stolik\u00f3w kawowych oraz \u0142aw. Fotel Keiko S Filc wyr\u00f3\u017cnia si\u0119 nisk\u0105 wag\u0105, przez co przenoszenie go jest banalnie proste. Chcesz zmieni\u0107 miejsce swojego fotela? Skorzystaj z ergonomicznego uchwytu, kt\u00f3ry znajdziesz na szczycie oparcia. Mebel pokryty jest wysokiej jako\u015bci filcem, wyr\u00f3\u017cniaj\u0105cym si\u0119 wyj\u0105tkow\u0105 podatno\u015bci\u0105 na piel\u0119gnacj\u0119. Ta cecha jest szczeg\u00f3lnie doceniana przez klient\u00f3w, kt\u00f3rzy wybieraj\u0105 fotel Keiko S Filc dla swoich pociech.<\/p>",
        "protected": false
    },
    "excerpt": {
        "rendered": "<p>FOTEL KEIKO S FILC Marzysz o chwili relaksu po pracowitym dniu? Fotel Keiko S Filc pomo\u017ce Ci zmieni\u0107 Twoje pragnienia w rzeczywisto\u015b\u0107! Wyprofilowane oparcie, p\u0142ynnie przechodz\u0105ce w mi\u0119kkie siedzisko, umo\u017cliwi Ci przyj\u0105\u0107 komfortow\u0105 pozycj\u0119 podczas wieczornego czytania Twojej ulubionej ksi\u0105\u017cki. U\u017cytkuj\u0105c ten niebanalny mebel, z pewno\u015bci\u0105 docenisz jego wype\u0142nienie &#8211; spr\u0119\u017cysty granulat sprzyja osi\u0105gni\u0119ciu stanu [&hellip;]<\/p>",
        "protected": false
    },
    "featured_media": 1002,
    "comment_status": "closed",
    "ping_status": "open",
    "template": "",
    "meta": {
        "_kad_blocks_custom_css": "",
        "_kad_blocks_head_custom_js": "",
        "_kad_blocks_body_custom_js": "",
        "_kad_blocks_footer_custom_js": ""
    },
    "product_brand": [],
    "product_cat": [
        30
    ],
    "product_tag": [],
    "class_list": {
        "0": "post-4283",
        "1": "product",
        "2": "type-product",
        "3": "status-publish",
        "4": "has-post-thumbnail",
        "6": "product_cat-fotele",
        "7": "wcpa_has_options",
        "9": "first",
        "10": "instock",
        "11": "purchasable",
        "12": "product-type-simple"
    },
    "taxonomy_info": {
        "product_cat": [
            {
                "value": 30,
                "label": "Fotele"
            }
        ]
    },
    "featured_image_src_large": [
        "https:\/\/homebyvm.com\/wp-content\/uploads\/2023\/05\/export-116-1024x1024.jpg",
        1024,
        1024,
        true
    ],
    "author_info": [],
    "comment_info": 0,
    "_links": {
        "self": [
            {
                "href": "https:\/\/homebyvm.com\/pl\/wp-json\/wp\/v2\/product\/4283",
                "targetHints": {
                    "allow": [
                        "GET"
                    ]
                }
            }
        ],
        "collection": [
            {
                "href": "https:\/\/homebyvm.com\/pl\/wp-json\/wp\/v2\/product"
            }
        ],
        "about": [
            {
                "href": "https:\/\/homebyvm.com\/pl\/wp-json\/wp\/v2\/types\/product"
            }
        ],
        "replies": [
            {
                "embeddable": true,
                "href": "https:\/\/homebyvm.com\/pl\/wp-json\/wp\/v2\/comments?post=4283"
            }
        ],
        "wp:featuredmedia": [
            {
                "embeddable": true,
                "href": "https:\/\/homebyvm.com\/pl\/wp-json\/wp\/v2\/media\/1002"
            }
        ],
        "wp:attachment": [
            {
                "href": "https:\/\/homebyvm.com\/pl\/wp-json\/wp\/v2\/media?parent=4283"
            }
        ],
        "wp:term": [
            {
                "taxonomy": "product_brand",
                "embeddable": true,
                "href": "https:\/\/homebyvm.com\/pl\/wp-json\/wp\/v2\/product_brand?post=4283"
            },
            {
                "taxonomy": "product_cat",
                "embeddable": true,
                "href": "https:\/\/homebyvm.com\/pl\/wp-json\/wp\/v2\/product_cat?post=4283"
            },
            {
                "taxonomy": "product_tag",
                "embeddable": true,
                "href": "https:\/\/homebyvm.com\/pl\/wp-json\/wp\/v2\/product_tag?post=4283"
            }
        ],
        "curies": [
            {
                "name": "wp",
                "href": "https:\/\/api.w.org\/{rel}",
                "templated": true
            }
        ]
    }
}