{
    "id": 4439,
    "date": "2023-07-21T23:10:49",
    "date_gmt": "2023-07-21T23:10:49",
    "guid": {
        "rendered": "https:\/\/homebyvm.com\/produktas\/fotel-camel-outdoor\/"
    },
    "modified": "2024-12-23T13:32:54",
    "modified_gmt": "2024-12-23T13:32:54",
    "slug": "fotel-camel-outdoor",
    "status": "publish",
    "type": "product",
    "link": "https:\/\/homebyvm.com\/pl\/produktas\/fotel-camel-outdoor\/",
    "title": {
        "rendered": "Fotel Camel Outdoor"
    },
    "content": {
        "rendered": "<p>Zdj\u0119cie podgl\u0105dowe &#8211; spody w kolorze pufyFotel CAMEL outdoor to wyj\u0105tkowy mebel, na kt\u00f3rym mo\u017cna si\u0119 po\u0142o\u017cy\u0107 w bardzo komfortowej pozycji. Posiada spr\u0119\u017cyste wn\u0119trze ze specjalistycznego granulatu, co zapewnia doskona\u0142e podparcie dla cia\u0142a, a zw\u0142aszcza kr\u0119gos\u0142upa dzi\u0119ki czemu odpoczywamy. CAMEL Outdoor posiada pokrycie, wykonane z wodoodpornego poliestru, dlatego mo\u017cna go stosowa\u0107 nie tylko w pomieszczeniach, ale r\u00f3wnie\u017c na zewn\u0105trz.<br \/>\nTo \u015bwietny mebel do ogrodu, na basen lub na balkon i taras. Jest odporny na oddzia\u0142ywanie warunk\u00f3w atmosferycznych i bardzo trwa\u0142y, dzi\u0119ki czemu pos\u0142u\u017cy przez d\u0142ugi czas. Fotel CAMEL Outdoor \u015bwietnie zast\u0105pi le\u017cak, zapewniaj\u0105c komfortow\u0105 pozycj\u0119 podczas wypoczynku, zdejmowany zag\u0142\u00f3wek \u015bwietnie sprawdzi si\u0119 jako podn\u00f3\u017cek by zapewni\u0107 jeszcze wi\u0119kszy komfort u\u017cytkowania . Dost\u0119pny jest w jedenastu r\u00f3\u017cnorodnych i intensywnych kolorach, kt\u00f3re kojarz\u0105 si\u0119 z latem i s\u0142oneczn\u0105 pogod\u0105. Z pewno\u015bci\u0105 uatrakcyjni przestrze\u0144, w kt\u00f3rej si\u0119 znajdzie.<br \/>\nW\u0142a\u015bciwo\u015bci materia\u0142u<\/p>",
        "protected": false
    },
    "excerpt": {
        "rendered": "<p>Zdj\u0119cie podgl\u0105dowe &#8211; spody w kolorze pufyFotel CAMEL outdoor to wyj\u0105tkowy mebel, na kt\u00f3rym mo\u017cna si\u0119 po\u0142o\u017cy\u0107 w bardzo komfortowej pozycji. Posiada spr\u0119\u017cyste wn\u0119trze ze specjalistycznego granulatu, co zapewnia doskona\u0142e podparcie dla cia\u0142a, a zw\u0142aszcza kr\u0119gos\u0142upa dzi\u0119ki czemu odpoczywamy. CAMEL Outdoor posiada pokrycie, wykonane z wodoodpornego poliestru, dlatego mo\u017cna go stosowa\u0107 nie tylko w pomieszczeniach, [&hellip;]<\/p>",
        "protected": false
    },
    "featured_media": 1490,
    "comment_status": "closed",
    "ping_status": "open",
    "template": "",
    "meta": {
        "_kad_blocks_custom_css": "",
        "_kad_blocks_head_custom_js": "",
        "_kad_blocks_body_custom_js": "",
        "_kad_blocks_footer_custom_js": ""
    },
    "product_brand": [],
    "product_cat": [
        28,
        31,
        32,
        113
    ],
    "product_tag": [],
    "class_list": {
        "0": "post-4439",
        "1": "product",
        "2": "type-product",
        "3": "status-publish",
        "4": "has-post-thumbnail",
        "6": "product_cat-pufy",
        "7": "product_cat-pufy-na-zewnatrz",
        "8": "product_cat-worki-sako",
        "9": "product_cat-worki-sako-dla-doroslych",
        "10": "wcpa_has_options",
        "12": "first",
        "13": "outofstock",
        "14": "purchasable",
        "15": "product-type-simple"
    },
    "taxonomy_info": {
        "product_cat": [
            {
                "value": 28,
                "label": "Pufy"
            },
            {
                "value": 31,
                "label": "Pufy na zewn\u0105trz"
            },
            {
                "value": 32,
                "label": "Worki Sako"
            },
            {
                "value": 113,
                "label": "Worki sako dla doros\u0142ych"
            }
        ]
    },
    "featured_image_src_large": [
        "https:\/\/homebyvm.com\/wp-content\/uploads\/2023\/05\/export-604-1024x1024.jpg",
        1024,
        1024,
        true
    ],
    "author_info": [],
    "comment_info": 0,
    "_links": {
        "self": [
            {
                "href": "https:\/\/homebyvm.com\/pl\/wp-json\/wp\/v2\/product\/4439",
                "targetHints": {
                    "allow": [
                        "GET"
                    ]
                }
            }
        ],
        "collection": [
            {
                "href": "https:\/\/homebyvm.com\/pl\/wp-json\/wp\/v2\/product"
            }
        ],
        "about": [
            {
                "href": "https:\/\/homebyvm.com\/pl\/wp-json\/wp\/v2\/types\/product"
            }
        ],
        "replies": [
            {
                "embeddable": true,
                "href": "https:\/\/homebyvm.com\/pl\/wp-json\/wp\/v2\/comments?post=4439"
            }
        ],
        "wp:featuredmedia": [
            {
                "embeddable": true,
                "href": "https:\/\/homebyvm.com\/pl\/wp-json\/wp\/v2\/media\/1490"
            }
        ],
        "wp:attachment": [
            {
                "href": "https:\/\/homebyvm.com\/pl\/wp-json\/wp\/v2\/media?parent=4439"
            }
        ],
        "wp:term": [
            {
                "taxonomy": "product_brand",
                "embeddable": true,
                "href": "https:\/\/homebyvm.com\/pl\/wp-json\/wp\/v2\/product_brand?post=4439"
            },
            {
                "taxonomy": "product_cat",
                "embeddable": true,
                "href": "https:\/\/homebyvm.com\/pl\/wp-json\/wp\/v2\/product_cat?post=4439"
            },
            {
                "taxonomy": "product_tag",
                "embeddable": true,
                "href": "https:\/\/homebyvm.com\/pl\/wp-json\/wp\/v2\/product_tag?post=4439"
            }
        ],
        "curies": [
            {
                "name": "wp",
                "href": "https:\/\/api.w.org\/{rel}",
                "templated": true
            }
        ]
    }
}