{
    "id": 4481,
    "date": "2023-07-21T23:10:55",
    "date_gmt": "2023-07-21T23:10:55",
    "guid": {
        "rendered": "https:\/\/homebyvm.com\/produktas\/poducha-modern-kids\/"
    },
    "modified": "2024-12-23T13:32:32",
    "modified_gmt": "2024-12-23T13:32:32",
    "slug": "poducha-modern-kids",
    "status": "publish",
    "type": "product",
    "link": "https:\/\/homebyvm.com\/pl\/produktas\/poducha-modern-kids\/",
    "title": {
        "rendered": "Poducha Modern Kids"
    },
    "content": {
        "rendered": "<p>Poducha Modern Kids<br \/>\nPoducha Modern Kids to dodatek, kt\u00f3ry \u0142\u0105czy w sobie cechy fotela i poduszki, a to za spraw\u0105 jej rozmiaru i kszta\u0142tu. Nie jest to bowiem tradycyjna poduszka pod g\u0142ow\u0119. Produkt mo\u017ce stanowi\u0107 samodzielny materac, na kt\u00f3rym maluch swobodnie utnie sobie popo\u0142udniow\u0105 drzemk\u0119. Poza tym wystarczy odpowiednio u\u0142o\u017cy\u0107 poduch\u0119, by zamieni\u0142a si\u0119 w niezwykle mi\u0119kki fotel lub puf\u0119. Dziecko mo\u017ce wykorzysta\u0107 j\u0105 dok\u0142adnie tak, jak chce \u2013 do nauki, do relaksu, do ogl\u0105dania telewizji lub grania na konsoli.<br \/>\nWa\u017cn\u0105 cech\u0105 poduchy dla dzieci jest jej dobre wykonanie, kt\u00f3re nie tylko sprawia, \u017ce produkt jest wytrzyma\u0142y, ale tak\u017ce czyni go antyalergicznym. W zwi\u0105zku z tym nie musimy martwi\u0107 si\u0119 o zdrowie malucha. Dodatkowo odpowiednio dostosowana wysoko\u015b\u0107 modelu \u2013 100 x 140 cm &#8211; minimalizuje ryzyko upadku i dotkliwych uraz\u00f3w, co jeszcze bardziej zwi\u0119ksza jej bezpiecze\u0144stwo. Jej design jest nowoczesny i oryginalny. Produkt dost\u0119pny jest w wielu wersjach kolorystycznych, wi\u0119c wyb\u00f3r zale\u017cy tu od upodoba\u0144 dziecka.<\/p>\n<p>W\u0142a\u015bciwo\u015bci materia\u0142u<\/p>",
        "protected": false
    },
    "excerpt": {
        "rendered": "<p>Poducha Modern Kids Poducha Modern Kids to dodatek, kt\u00f3ry \u0142\u0105czy w sobie cechy fotela i poduszki, a to za spraw\u0105 jej rozmiaru i kszta\u0142tu. Nie jest to bowiem tradycyjna poduszka pod g\u0142ow\u0119. Produkt mo\u017ce stanowi\u0107 samodzielny materac, na kt\u00f3rym maluch swobodnie utnie sobie popo\u0142udniow\u0105 drzemk\u0119. Poza tym wystarczy odpowiednio u\u0142o\u017cy\u0107 poduch\u0119, by zamieni\u0142a si\u0119 w [&hellip;]<\/p>",
        "protected": false
    },
    "featured_media": 2673,
    "comment_status": "closed",
    "ping_status": "open",
    "template": "",
    "meta": {
        "_kad_blocks_custom_css": "",
        "_kad_blocks_head_custom_js": "",
        "_kad_blocks_body_custom_js": "",
        "_kad_blocks_footer_custom_js": ""
    },
    "product_brand": [],
    "product_cat": [
        33
    ],
    "product_tag": [],
    "class_list": {
        "0": "post-4481",
        "1": "product",
        "2": "type-product",
        "3": "status-publish",
        "4": "has-post-thumbnail",
        "6": "product_cat-poduchy",
        "7": "wcpa_has_options",
        "9": "first",
        "10": "instock",
        "11": "purchasable",
        "12": "product-type-simple"
    },
    "taxonomy_info": {
        "product_cat": [
            {
                "value": 33,
                "label": "Poduchy"
            }
        ]
    },
    "featured_image_src_large": [
        "https:\/\/homebyvm.com\/wp-content\/uploads\/2023\/07\/export-28-1024x1024.jpg",
        1024,
        1024,
        true
    ],
    "author_info": [],
    "comment_info": 0,
    "_links": {
        "self": [
            {
                "href": "https:\/\/homebyvm.com\/pl\/wp-json\/wp\/v2\/product\/4481",
                "targetHints": {
                    "allow": [
                        "GET"
                    ]
                }
            }
        ],
        "collection": [
            {
                "href": "https:\/\/homebyvm.com\/pl\/wp-json\/wp\/v2\/product"
            }
        ],
        "about": [
            {
                "href": "https:\/\/homebyvm.com\/pl\/wp-json\/wp\/v2\/types\/product"
            }
        ],
        "replies": [
            {
                "embeddable": true,
                "href": "https:\/\/homebyvm.com\/pl\/wp-json\/wp\/v2\/comments?post=4481"
            }
        ],
        "wp:featuredmedia": [
            {
                "embeddable": true,
                "href": "https:\/\/homebyvm.com\/pl\/wp-json\/wp\/v2\/media\/2673"
            }
        ],
        "wp:attachment": [
            {
                "href": "https:\/\/homebyvm.com\/pl\/wp-json\/wp\/v2\/media?parent=4481"
            }
        ],
        "wp:term": [
            {
                "taxonomy": "product_brand",
                "embeddable": true,
                "href": "https:\/\/homebyvm.com\/pl\/wp-json\/wp\/v2\/product_brand?post=4481"
            },
            {
                "taxonomy": "product_cat",
                "embeddable": true,
                "href": "https:\/\/homebyvm.com\/pl\/wp-json\/wp\/v2\/product_cat?post=4481"
            },
            {
                "taxonomy": "product_tag",
                "embeddable": true,
                "href": "https:\/\/homebyvm.com\/pl\/wp-json\/wp\/v2\/product_tag?post=4481"
            }
        ],
        "curies": [
            {
                "name": "wp",
                "href": "https:\/\/api.w.org\/{rel}",
                "templated": true
            }
        ]
    }
}