{
    "id": 4993,
    "date": "2024-07-23T18:23:56",
    "date_gmt": "2024-07-23T18:23:56",
    "guid": {
        "rendered": "https:\/\/homebyvm.com\/produktas\/fotel-dubaj-outdoor-premium\/"
    },
    "modified": "2024-12-23T13:30:45",
    "modified_gmt": "2024-12-23T13:30:45",
    "slug": "fotel-dubaj-outdoor-premium",
    "status": "publish",
    "type": "product",
    "link": "https:\/\/homebyvm.com\/pl\/produktas\/fotel-dubaj-outdoor-premium\/",
    "title": {
        "rendered": "Fotel Dubaj  Outdoor Premium"
    },
    "content": {
        "rendered": "<p>Przedstawiamy puf\u0119, kt\u00f3ra spe\u0142ni wszystkie oczekiwania dotycz\u0105ce komfortu i wytrzyma\u0142o\u015bci. Oto jej kluczowe cechy:<\/p>\n<p>Materia\u0142: Pufa wykonana jest z bardzo dobrego wodoodpornego materia\u0142u, co zapewnia ochron\u0119 przed wilgoci\u0105 oraz pozwala na jej u\u017cywanie zar\u00f3wno wewn\u0105trz, jak i na zewn\u0105trz.<br \/>\nPodn\u00f3\u017cek: Wyposa\u017cona w wygodny podn\u00f3\u017cek, kt\u00f3ry umo\u017cliwia pe\u0142en relaks, czy to w pozycji siedz\u0105cej, czy le\u017c\u0105cej. Wymiary podn\u00f3\u017cka: wysoko\u015b\u0107 35 cm, szeroko\u015b\u0107 65 cm, d\u0142ugo\u015b\u0107 50 cm,\u00a0pojemno\u015b\u0107 120 litr\u00f3w.<br \/>\nMocne szwy: Konstrukcja pufy jest wzmocniona mocnymi szwami, co gwarantuje jej trwa\u0142o\u015b\u0107 i wytrzyma\u0142o\u015b\u0107 na d\u0142ugie lata.<br \/>\nOdporno\u015b\u0107 na \u015bwiat\u0142o: Tkanina u\u017cyta do produkcji pufy ma wysok\u0105 odporno\u015b\u0107 na \u015bwiat\u0142o na poziomie 7-8, co oznacza, \u017ce nie blaknie pod wp\u0142ywem promieni s\u0142onecznych.<br \/>\nWygoda: Wype\u0142niona granulatem, pufa jest niezwykle wygodna, doskonale dopasowuje si\u0119 do kszta\u0142tu cia\u0142a, zapewniaj\u0105c maksymalny komfort.<br \/>\nFunkcjonalno\u015b\u0107: Idealna do le\u017cenia i siedzenia, mo\u017ce s\u0142u\u017cy\u0107 jako le\u017cak. Jest lekka, co u\u0142atwia jej przenoszenie, a jednocze\u015bnie stabilna, dzi\u0119ki czemu nie przewraca si\u0119 podczas u\u017cytkowania.<br \/>\nWszechstronno\u015b\u0107: Przeznaczona do u\u017cytku wewn\u0105trz i na zewn\u0105trz \u2013 doskonale sprawdzi si\u0119 na tarasie, w ogrodzie, przy basenie.<br \/>\nWytrzyma\u0142o\u015b\u0107: Materia\u0142 u\u017cyty do produkcji pufy jest bardzo wytrzyma\u0142y, odporny na uszkodzenia mechaniczne oraz dzia\u0142anie promieni UV, co zapewnia jej d\u0142ugowieczno\u015b\u0107.<\/p>\n<p>Je\u015bli szukasz pufy, kt\u00f3ra \u0142\u0105czy w sobie wygod\u0119, elegancj\u0119 i funkcjonalno\u015b\u0107, nasza propozycja spe\u0142ni Twoje oczekiwania. Ciesz si\u0119 komfortem na najwy\u017cszym poziomie w ka\u017cdych warunkach!<\/p>",
        "protected": false
    },
    "excerpt": {
        "rendered": "<p>Przedstawiamy puf\u0119, kt\u00f3ra spe\u0142ni wszystkie oczekiwania dotycz\u0105ce komfortu i wytrzyma\u0142o\u015bci. Oto jej kluczowe cechy: Materia\u0142: Pufa wykonana jest z bardzo dobrego wodoodpornego materia\u0142u, co zapewnia ochron\u0119 przed wilgoci\u0105 oraz pozwala na jej u\u017cywanie zar\u00f3wno wewn\u0105trz, jak i na zewn\u0105trz. Podn\u00f3\u017cek: Wyposa\u017cona w wygodny podn\u00f3\u017cek, kt\u00f3ry umo\u017cliwia pe\u0142en relaks, czy to w pozycji siedz\u0105cej, czy le\u017c\u0105cej. [&hellip;]<\/p>",
        "protected": false
    },
    "featured_media": 4994,
    "comment_status": "closed",
    "ping_status": "open",
    "template": "",
    "meta": {
        "_kad_blocks_custom_css": "",
        "_kad_blocks_head_custom_js": "",
        "_kad_blocks_body_custom_js": "",
        "_kad_blocks_footer_custom_js": ""
    },
    "product_brand": [],
    "product_cat": [
        30
    ],
    "product_tag": [],
    "class_list": {
        "0": "post-4993",
        "1": "product",
        "2": "type-product",
        "3": "status-publish",
        "4": "has-post-thumbnail",
        "6": "product_cat-fotele",
        "7": "wcpa_has_options",
        "9": "first",
        "10": "instock",
        "11": "purchasable",
        "12": "product-type-simple"
    },
    "taxonomy_info": {
        "product_cat": [
            {
                "value": 30,
                "label": "Fotele"
            }
        ]
    },
    "featured_image_src_large": [
        "https:\/\/homebyvm.com\/wp-content\/uploads\/2024\/07\/export-10-1024x1024.jpg",
        1024,
        1024,
        true
    ],
    "author_info": [],
    "comment_info": 0,
    "_links": {
        "self": [
            {
                "href": "https:\/\/homebyvm.com\/pl\/wp-json\/wp\/v2\/product\/4993",
                "targetHints": {
                    "allow": [
                        "GET"
                    ]
                }
            }
        ],
        "collection": [
            {
                "href": "https:\/\/homebyvm.com\/pl\/wp-json\/wp\/v2\/product"
            }
        ],
        "about": [
            {
                "href": "https:\/\/homebyvm.com\/pl\/wp-json\/wp\/v2\/types\/product"
            }
        ],
        "replies": [
            {
                "embeddable": true,
                "href": "https:\/\/homebyvm.com\/pl\/wp-json\/wp\/v2\/comments?post=4993"
            }
        ],
        "wp:featuredmedia": [
            {
                "embeddable": true,
                "href": "https:\/\/homebyvm.com\/pl\/wp-json\/wp\/v2\/media\/4994"
            }
        ],
        "wp:attachment": [
            {
                "href": "https:\/\/homebyvm.com\/pl\/wp-json\/wp\/v2\/media?parent=4993"
            }
        ],
        "wp:term": [
            {
                "taxonomy": "product_brand",
                "embeddable": true,
                "href": "https:\/\/homebyvm.com\/pl\/wp-json\/wp\/v2\/product_brand?post=4993"
            },
            {
                "taxonomy": "product_cat",
                "embeddable": true,
                "href": "https:\/\/homebyvm.com\/pl\/wp-json\/wp\/v2\/product_cat?post=4993"
            },
            {
                "taxonomy": "product_tag",
                "embeddable": true,
                "href": "https:\/\/homebyvm.com\/pl\/wp-json\/wp\/v2\/product_tag?post=4993"
            }
        ],
        "curies": [
            {
                "name": "wp",
                "href": "https:\/\/api.w.org\/{rel}",
                "templated": true
            }
        ]
    }
}